{"id":979,"date":"2020-07-31T16:56:23","date_gmt":"2020-07-31T14:56:23","guid":{"rendered":"https:\/\/cppr-pandaroux.org\/?p=979"},"modified":"2025-08-07T19:49:01","modified_gmt":"2025-08-07T17:49:01","slug":"evenements-2017","status":"publish","type":"post","link":"https:\/\/cppr-pandaroux.org\/en\/2020\/07\/31\/evenements-2017\/","title":{"rendered":"Events 2017"},"content":{"rendered":"<h3 class=\"wp-block-heading\"><span class=\"ez-toc-section\" id=\"La_fete_du_Parc_de_Cleres\"><\/span><strong>The Cl\u00e8res Park Festival<\/strong><span class=\"ez-toc-section-end\"><\/span><\/h3>\n\n\n\n<p>Les 8 et 9 avril 2017, le Parc de Cl\u00e8res a inaugur\u00e9 ses nouvelles voli\u00e8res. Pour l&rsquo;occasion, les \u00e9quipes du parc avaient install\u00e9 sur les terrasses du ch\u00e2teau plusieurs tentes, pour accueillir des artisans et des associations, dont le CPPR&nbsp;!<\/p><div id=\"ez-toc-container\" class=\"ez-toc-v2_0_82_2 ez-toc-wrap-right-text counter-hierarchy ez-toc-counter ez-toc-custom ez-toc-container-direction\">\n<div class=\"ez-toc-title-container\">\n<p class=\"ez-toc-title\" style=\"cursor:inherit\">Sommaire<\/p>\n<span class=\"ez-toc-title-toggle\"><a href=\"#\" class=\"ez-toc-pull-right ez-toc-btn ez-toc-btn-xs ez-toc-btn-default ez-toc-toggle\" aria-label=\"Toggle Table of Content\"><span class=\"ez-toc-js-icon-con\"><span class=\"\"><span class=\"eztoc-hide\" style=\"display:none;\">Toggle<\/span><span class=\"ez-toc-icon-toggle-span\"><svg style=\"fill: #ffffff;color:#ffffff\" xmlns=\"http:\/\/www.w3.org\/2000\/svg\" class=\"list-377408\" width=\"20px\" height=\"20px\" viewbox=\"0 0 24 24\" fill=\"none\"><path d=\"M6 6H4v2h2V6zm14 0H8v2h12V6zM4 11h2v2H4v-2zm16 0H8v2h12v-2zM4 16h2v2H4v-2zm16 0H8v2h12v-2z\" fill=\"currentColor\"><\/path><\/svg><svg style=\"fill: #ffffff;color:#ffffff\" class=\"arrow-unsorted-368013\" xmlns=\"http:\/\/www.w3.org\/2000\/svg\" width=\"10px\" height=\"10px\" viewbox=\"0 0 24 24\" version=\"1.2\" baseprofile=\"tiny\"><path d=\"M18.2 9.3l-6.2-6.3-6.2 6.3c-.2.2-.3.4-.3.7s.1.5.3.7c.2.2.4.3.7.3h11c.3 0 .5-.1.7-.3.2-.2.3-.5.3-.7s-.1-.5-.3-.7zM5.8 14.7l6.2 6.3 6.2-6.3c.2-.2.3-.5.3-.7s-.1-.5-.3-.7c-.2-.2-.4-.3-.7-.3h-11c-.3 0-.5.1-.7.3-.2.2-.3.5-.3.7s.1.5.3.7z\"\/><\/svg><\/span><\/span><\/span><\/a><\/span><\/div>\n<nav><ul class='ez-toc-list ez-toc-list-level-1' ><li class='ez-toc-page-1 ez-toc-heading-level-3'><a class=\"ez-toc-link ez-toc-heading-1\" href=\"https:\/\/cppr-pandaroux.org\/en\/2020\/07\/31\/evenements-2017\/#La_fete_du_Parc_de_Cleres\" >The Cl\u00e8res Park Festival<\/a><\/li><li class='ez-toc-page-1 ez-toc-heading-level-3'><a class=\"ez-toc-link ez-toc-heading-2\" href=\"https:\/\/cppr-pandaroux.org\/en\/2020\/07\/31\/evenements-2017\/#Zoo_de_La_Fleche\" >Zoo de la Fl\u00e8che<\/a><\/li><li class='ez-toc-page-1 ez-toc-heading-level-3'><a class=\"ez-toc-link ez-toc-heading-3\" href=\"https:\/\/cppr-pandaroux.org\/en\/2020\/07\/31\/evenements-2017\/#College_Andre_Raimbourg_a_Doudeville\" >Andr\u00e9 Raimbourg College in Doudeville<\/a><\/li><li class='ez-toc-page-1 ez-toc-heading-level-3'><a class=\"ez-toc-link ez-toc-heading-4\" href=\"https:\/\/cppr-pandaroux.org\/en\/2020\/07\/31\/evenements-2017\/#Zoo_de_Pont-Scorff\" >Pont-Scorff Zoo<\/a><\/li><li class='ez-toc-page-1 ez-toc-heading-level-3'><a class=\"ez-toc-link ez-toc-heading-5\" href=\"https:\/\/cppr-pandaroux.org\/en\/2020\/07\/31\/evenements-2017\/#Zoo_de_La_Fleche-2\" >Zoo de la Fl\u00e8che<\/a><\/li><li class='ez-toc-page-1 ez-toc-heading-level-3'><a class=\"ez-toc-link ez-toc-heading-6\" href=\"https:\/\/cppr-pandaroux.org\/en\/2020\/07\/31\/evenements-2017\/#Journee_de_la_Fondation_Le_Pal_Nature\" >Le Pal Nature Foundation Day<\/a><\/li><\/ul><\/nav><\/div>\n\n\n\n\n<p>C&rsquo;est donc sous un soleil radieux et un temps estival que notre \u00e9quipe de b\u00e9n\u00e9voles a mont\u00e9 son stand pour recevoir le public comme il se doit&nbsp;: panneaux informatifs, boutique, ateliers maquillages et coloriages&#8230;<\/p>\n\n\n\n<figure class=\"wp-block-gallery aligncenter columns-2 is-cropped wp-block-gallery-1 is-layout-flex wp-block-gallery-is-layout-flex\"><ul class=\"blocks-gallery-grid\"><li class=\"blocks-gallery-item\"><figure><img loading=\"lazy\" decoding=\"async\" width=\"1024\" height=\"768\" src=\"https:\/\/cppr-pandaroux.org\/app\/uploads\/2020\/07\/CPPR-cleres-stand-1-1024x768.jpg\" alt=\"\" data-id=\"981\" data-full-url=\"https:\/\/cppr-pandaroux.org\/app\/uploads\/2020\/07\/CPPR-cleres-stand-1-scaled.jpg\" data-link=\"https:\/\/cppr-pandaroux.org\/?attachment_id=981\" class=\"wp-image-981\" srcset=\"https:\/\/cppr-pandaroux.org\/app\/uploads\/2020\/07\/CPPR-cleres-stand-1-1024x768.jpg 1024w, https:\/\/cppr-pandaroux.org\/app\/uploads\/2020\/07\/CPPR-cleres-stand-1-300x225.jpg 300w, https:\/\/cppr-pandaroux.org\/app\/uploads\/2020\/07\/CPPR-cleres-stand-1-768x576.jpg 768w, https:\/\/cppr-pandaroux.org\/app\/uploads\/2020\/07\/CPPR-cleres-stand-1-1536x1152.jpg 1536w, https:\/\/cppr-pandaroux.org\/app\/uploads\/2020\/07\/CPPR-cleres-stand-1-2048x1536.jpg 2048w, https:\/\/cppr-pandaroux.org\/app\/uploads\/2020\/07\/CPPR-cleres-stand-1-16x12.jpg 16w\" sizes=\"auto, (max-width: 1024px) 100vw, 1024px\" \/><\/figure><\/li><li class=\"blocks-gallery-item\"><figure><img loading=\"lazy\" decoding=\"async\" width=\"1024\" height=\"768\" src=\"https:\/\/cppr-pandaroux.org\/app\/uploads\/2020\/07\/CPPR-cleres-maquillage-1-1024x768.jpg\" alt=\"\" data-id=\"980\" data-full-url=\"https:\/\/cppr-pandaroux.org\/app\/uploads\/2020\/07\/CPPR-cleres-maquillage-1.jpg\" data-link=\"https:\/\/cppr-pandaroux.org\/?attachment_id=980\" class=\"wp-image-980\" srcset=\"https:\/\/cppr-pandaroux.org\/app\/uploads\/2020\/07\/CPPR-cleres-maquillage-1-1024x768.jpg 1024w, https:\/\/cppr-pandaroux.org\/app\/uploads\/2020\/07\/CPPR-cleres-maquillage-1-300x225.jpg 300w, https:\/\/cppr-pandaroux.org\/app\/uploads\/2020\/07\/CPPR-cleres-maquillage-1-768x576.jpg 768w, https:\/\/cppr-pandaroux.org\/app\/uploads\/2020\/07\/CPPR-cleres-maquillage-1-1536x1152.jpg 1536w, https:\/\/cppr-pandaroux.org\/app\/uploads\/2020\/07\/CPPR-cleres-maquillage-1-16x12.jpg 16w, https:\/\/cppr-pandaroux.org\/app\/uploads\/2020\/07\/CPPR-cleres-maquillage-1.jpg 1632w\" sizes=\"auto, (max-width: 1024px) 100vw, 1024px\" \/><\/figure><\/li><\/ul><\/figure>\n\n\n\n<p>Le \u00ab&nbsp;d\u00e9fi des pandas&nbsp;\u00bb a re\u00e7u quant \u00e0 lui un accueil tr\u00e8s positif&nbsp;! Les gens se sont pris au jeu, et allaient m\u00eame lire les panneaux \u00e0 l&rsquo;issue de celui-ci, pour v\u00e9rifier que notre animatrice ne s&rsquo;\u00e9tait pas tromp\u00e9e&#8230; En effet, personne n&rsquo;a su arriver au bout des sept questions&nbsp;!<\/p>\n\n\n\n<p>To sum up, a magnificent weather, a receptive public, and enthusiastic volunteers: all the ingredients were gathered in a cocktail of good mood! We would like to thank the Parc de Cl\u00e8res for its invitation, and our volunteers: Anne-Gw\u00e9na\u00ebl, Clarisse, Elodie, Ombeline and V\u00e9ronique.<\/p>\n\n\n\n<h3 class=\"wp-block-heading\"><span class=\"ez-toc-section\" id=\"Zoo_de_La_Fleche\"><\/span><strong>Zoo de la Fl\u00e8che<\/strong><span class=\"ez-toc-section-end\"><\/span><\/h3>\n\n\n\n<p>Le lundi 05 juin 2017, le zoo de La Fl\u00e8che a gentiment accueilli une \u00e9quipe du CPPR pour tenir un stand sur la journ\u00e9e et proposer diverses activit\u00e9s au public sarthois pour les sensibiliser \u00e0 la pr\u00e9servation du Panda Roux. C&rsquo;est donc sous un soleil radieux que nos b\u00e9n\u00e9voles ont install\u00e9 leurs tables.<\/p>\n\n\n\n<p>Des ateliers maquillage et coloriage ont retenu l&rsquo;attention des plus jeunes, alors que les plus vieux se sont laiss\u00e9s tenter par le d\u00e9fi des pandas&nbsp;: Certains sont m\u00eame all\u00e9s assez loin dans le d\u00e9fi, puisque pour la premi\u00e8re fois, une personne est arriv\u00e9e au bout des sept questions&nbsp;! Mais le challenge reste difficile et les gens ont jou\u00e9 avec beaucoup d&rsquo;enthousiasme&nbsp;!<\/p>\n\n\n\n<figure class=\"wp-block-gallery columns-2 is-cropped wp-block-gallery-2 is-layout-flex wp-block-gallery-is-layout-flex\"><ul class=\"blocks-gallery-grid\"><li class=\"blocks-gallery-item\"><figure><img loading=\"lazy\" decoding=\"async\" width=\"1024\" height=\"768\" src=\"https:\/\/cppr-pandaroux.org\/app\/uploads\/2020\/07\/LF-O6-17-Stand2-1024x768.jpg\" alt=\"\" data-id=\"983\" data-full-url=\"https:\/\/cppr-pandaroux.org\/app\/uploads\/2020\/07\/LF-O6-17-Stand2.jpg\" data-link=\"https:\/\/cppr-pandaroux.org\/?attachment_id=983\" class=\"wp-image-983\" srcset=\"https:\/\/cppr-pandaroux.org\/app\/uploads\/2020\/07\/LF-O6-17-Stand2-1024x768.jpg 1024w, https:\/\/cppr-pandaroux.org\/app\/uploads\/2020\/07\/LF-O6-17-Stand2-300x225.jpg 300w, https:\/\/cppr-pandaroux.org\/app\/uploads\/2020\/07\/LF-O6-17-Stand2-768x576.jpg 768w, https:\/\/cppr-pandaroux.org\/app\/uploads\/2020\/07\/LF-O6-17-Stand2-1536x1152.jpg 1536w, https:\/\/cppr-pandaroux.org\/app\/uploads\/2020\/07\/LF-O6-17-Stand2-16x12.jpg 16w, https:\/\/cppr-pandaroux.org\/app\/uploads\/2020\/07\/LF-O6-17-Stand2.jpg 1728w\" sizes=\"auto, (max-width: 1024px) 100vw, 1024px\" \/><\/figure><\/li><li class=\"blocks-gallery-item\"><figure><img loading=\"lazy\" decoding=\"async\" width=\"1024\" height=\"768\" src=\"https:\/\/cppr-pandaroux.org\/app\/uploads\/2020\/07\/LF-O6-17-maquillage3-1024x768.jpg\" alt=\"\" data-id=\"982\" data-full-url=\"https:\/\/cppr-pandaroux.org\/app\/uploads\/2020\/07\/LF-O6-17-maquillage3.jpg\" data-link=\"https:\/\/cppr-pandaroux.org\/?attachment_id=982\" class=\"wp-image-982\" srcset=\"https:\/\/cppr-pandaroux.org\/app\/uploads\/2020\/07\/LF-O6-17-maquillage3-1024x768.jpg 1024w, https:\/\/cppr-pandaroux.org\/app\/uploads\/2020\/07\/LF-O6-17-maquillage3-300x225.jpg 300w, https:\/\/cppr-pandaroux.org\/app\/uploads\/2020\/07\/LF-O6-17-maquillage3-768x576.jpg 768w, https:\/\/cppr-pandaroux.org\/app\/uploads\/2020\/07\/LF-O6-17-maquillage3-1536x1152.jpg 1536w, https:\/\/cppr-pandaroux.org\/app\/uploads\/2020\/07\/LF-O6-17-maquillage3-2048x1536.jpg 2048w, https:\/\/cppr-pandaroux.org\/app\/uploads\/2020\/07\/LF-O6-17-maquillage3-16x12.jpg 16w\" sizes=\"auto, (max-width: 1024px) 100vw, 1024px\" \/><\/figure><\/li><\/ul><\/figure>\n\n\n\n<p>A 16h30, Betty, notre tr\u00e9sori\u00e8re, a comment\u00e9 le nourrissage des pandas roux effectu\u00e9 par les soigneurs du zoo. Ce fut le point culminant de la journ\u00e9e&nbsp;: beaucoup de monde s&rsquo;\u00e9tait rassembl\u00e9 pour l&rsquo;occasion&nbsp;!<\/p>\n\n\n\n<p>Nous tenons a remercier toute l&rsquo;\u00e9quipe du zoo de La Fl\u00e8che pour son accueil chaleureux, et aussi nos b\u00e9n\u00e9voles, Anne-Gw\u00e9na\u00ebl, Betty, Ombeline et V\u00e9rane, sans qui rien ne serait possible&nbsp;!<\/p>\n\n\n\n<h3 class=\"wp-block-heading\"><span class=\"ez-toc-section\" id=\"College_Andre_Raimbourg_a_Doudeville\"><\/span><strong>Andr\u00e9 Raimbourg College in Doudeville<\/strong><span class=\"ez-toc-section-end\"><\/span><\/h3>\n\n\n\n<p>Le 16 juin 2017, notre vice-pr\u00e9sidente a \u00e9t\u00e9 invit\u00e9e au coll\u00e8ge Andr\u00e9 Raimbourg de Doudeville (76), pour le \u00ab&nbsp;pot de fin d&rsquo;ann\u00e9e&nbsp;\u00bb de son club \u00ab&nbsp;panda roux&nbsp;\u00bb.<\/p>\n\n\n\n<p>A cette occasion, les \u00e9l\u00e8ves du club ont r\u00e9capitul\u00e9 toutes les actions qu&rsquo;ils ont men\u00e9es dans l&rsquo;ann\u00e9e, pour r\u00e9colter des fonds et sensibiliser le public \u00e0 la pr\u00e9servation du panda roux. Du march\u00e9 de No\u00ebl \u00e0 la mise en place d&rsquo;un loto, les \u00e9l\u00e8ves se sont donn\u00e9 \u00e0 fond, d\u00e9veloppant ainsi des qualit\u00e9s qui leur seront tr\u00e8s utiles dans le futur, que ce soit en terme d&rsquo;organisation, d&rsquo;expression orale&#8230; Leur passion les a pouss\u00e9s \u00e0 se d\u00e9passer, et ils l&rsquo;ont fait avec beaucoup de plaisir et de d\u00e9vouement&nbsp;!<\/p>\n\n\n\n<div class=\"wp-block-image\"><figure class=\"aligncenter size-large is-resized\"><img loading=\"lazy\" decoding=\"async\" src=\"https:\/\/cppr-pandaroux.org\/app\/uploads\/2020\/07\/Doudeville-noel-loto-2017-1024x768.jpg\" alt=\"\" class=\"wp-image-984\" width=\"403\" height=\"302\" srcset=\"https:\/\/cppr-pandaroux.org\/app\/uploads\/2020\/07\/Doudeville-noel-loto-2017-1024x768.jpg 1024w, https:\/\/cppr-pandaroux.org\/app\/uploads\/2020\/07\/Doudeville-noel-loto-2017-300x225.jpg 300w, https:\/\/cppr-pandaroux.org\/app\/uploads\/2020\/07\/Doudeville-noel-loto-2017-768x576.jpg 768w, https:\/\/cppr-pandaroux.org\/app\/uploads\/2020\/07\/Doudeville-noel-loto-2017-1536x1152.jpg 1536w, https:\/\/cppr-pandaroux.org\/app\/uploads\/2020\/07\/Doudeville-noel-loto-2017-16x12.jpg 16w, https:\/\/cppr-pandaroux.org\/app\/uploads\/2020\/07\/Doudeville-noel-loto-2017.jpg 1556w\" sizes=\"auto, (max-width: 403px) 100vw, 403px\" \/><\/figure><\/div>\n\n\n\n<p>Nous avons \u00e9t\u00e9 tr\u00e8s impressionn\u00e9s par leur investissement&nbsp;! Le club \u00ab&nbsp;panda roux&nbsp;\u00bb a \u00e9t\u00e9 tr\u00e8s heureux de remettre un ch\u00e8que d&rsquo;un montant de 250\u20ac \u00e0 notre vice-pr\u00e9sidente, plus qu&rsquo;\u00e9mue devant tant d&rsquo;enthousiasme et de g\u00e9n\u00e9rosit\u00e9.<\/p>\n\n\n\n<p>Toute l&rsquo;\u00e9quipe du CPPR est fi\u00e8re de pouvoir collaborer avec des \u00e9l\u00e8ves aussi passionn\u00e9s que ceux du club \u00ab&nbsp;panda roux&nbsp;\u00bb du coll\u00e8ge de Doudeville. Merci \u00e0 vous&nbsp;!<\/p>\n\n\n\n<div class=\"wp-block-image\"><figure class=\"aligncenter size-large is-resized\"><img loading=\"lazy\" decoding=\"async\" src=\"https:\/\/cppr-pandaroux.org\/app\/uploads\/2020\/07\/remise-chq-1024x679.jpg\" alt=\"\" class=\"wp-image-985\" width=\"499\" height=\"330\" srcset=\"https:\/\/cppr-pandaroux.org\/app\/uploads\/2020\/07\/remise-chq-1024x679.jpg 1024w, https:\/\/cppr-pandaroux.org\/app\/uploads\/2020\/07\/remise-chq-300x199.jpg 300w, https:\/\/cppr-pandaroux.org\/app\/uploads\/2020\/07\/remise-chq-768x509.jpg 768w, https:\/\/cppr-pandaroux.org\/app\/uploads\/2020\/07\/remise-chq-1536x1018.jpg 1536w, https:\/\/cppr-pandaroux.org\/app\/uploads\/2020\/07\/remise-chq-2048x1358.jpg 2048w, https:\/\/cppr-pandaroux.org\/app\/uploads\/2020\/07\/remise-chq-18x12.jpg 18w\" sizes=\"auto, (max-width: 499px) 100vw, 499px\" \/><\/figure><\/div>\n\n\n\n<h3 class=\"wp-block-heading\"><span class=\"ez-toc-section\" id=\"Zoo_de_Pont-Scorff\"><\/span><strong>Pont-Scorff Zoo<\/strong><span class=\"ez-toc-section-end\"><\/span><\/h3>\n\n\n\n<p>Le 16 juillet 2017, une \u00e9quipe du CPPR a r\u00e9pondu \u00e0 l&rsquo;invitation du zoo de Pont-Scorff, et c&rsquo;est sous un ciel estival que nos b\u00e9n\u00e9voles sont arriv\u00e9s t\u00f4t pour tout installer.<\/p>\n\n\n\n<p>Au programme : Ateliers maquillages et coloriages pour les plus petits, exposition de panneaux et \u00ab\u00a0d\u00e9fi des pandas\u00a0\u00bb pour les plus grands, deux nourrissages comment\u00e9s dans l&rsquo;apr\u00e8s-midi, et bien s\u00fbr, vente d&rsquo;objets \u00e0 l&rsquo;effigie du CPPR sur notre boutique !<\/p>\n\n\n\n<figure class=\"wp-block-gallery columns-2 is-cropped wp-block-gallery-3 is-layout-flex wp-block-gallery-is-layout-flex\"><ul class=\"blocks-gallery-grid\"><li class=\"blocks-gallery-item\"><figure><img loading=\"lazy\" decoding=\"async\" width=\"1024\" height=\"768\" src=\"https:\/\/cppr-pandaroux.org\/app\/uploads\/2020\/07\/P-S-boutique-1-1024x768.jpg\" alt=\"\" data-id=\"986\" data-full-url=\"https:\/\/cppr-pandaroux.org\/app\/uploads\/2020\/07\/P-S-boutique-1.jpg\" data-link=\"https:\/\/cppr-pandaroux.org\/?attachment_id=986\" class=\"wp-image-986\" srcset=\"https:\/\/cppr-pandaroux.org\/app\/uploads\/2020\/07\/P-S-boutique-1-1024x768.jpg 1024w, https:\/\/cppr-pandaroux.org\/app\/uploads\/2020\/07\/P-S-boutique-1-300x225.jpg 300w, https:\/\/cppr-pandaroux.org\/app\/uploads\/2020\/07\/P-S-boutique-1-768x576.jpg 768w, https:\/\/cppr-pandaroux.org\/app\/uploads\/2020\/07\/P-S-boutique-1-1536x1152.jpg 1536w, https:\/\/cppr-pandaroux.org\/app\/uploads\/2020\/07\/P-S-boutique-1-16x12.jpg 16w, https:\/\/cppr-pandaroux.org\/app\/uploads\/2020\/07\/P-S-boutique-1.jpg 1815w\" sizes=\"auto, (max-width: 1024px) 100vw, 1024px\" \/><\/figure><\/li><li class=\"blocks-gallery-item\"><figure><img loading=\"lazy\" decoding=\"async\" width=\"1024\" height=\"768\" src=\"https:\/\/cppr-pandaroux.org\/app\/uploads\/2020\/07\/P-S-maquillages-1024x768.jpg\" alt=\"\" data-id=\"987\" data-full-url=\"https:\/\/cppr-pandaroux.org\/app\/uploads\/2020\/07\/P-S-maquillages.jpg\" data-link=\"https:\/\/cppr-pandaroux.org\/?attachment_id=987\" class=\"wp-image-987\" srcset=\"https:\/\/cppr-pandaroux.org\/app\/uploads\/2020\/07\/P-S-maquillages-1024x768.jpg 1024w, https:\/\/cppr-pandaroux.org\/app\/uploads\/2020\/07\/P-S-maquillages-300x225.jpg 300w, https:\/\/cppr-pandaroux.org\/app\/uploads\/2020\/07\/P-S-maquillages-768x576.jpg 768w, https:\/\/cppr-pandaroux.org\/app\/uploads\/2020\/07\/P-S-maquillages-1536x1152.jpg 1536w, https:\/\/cppr-pandaroux.org\/app\/uploads\/2020\/07\/P-S-maquillages-16x12.jpg 16w, https:\/\/cppr-pandaroux.org\/app\/uploads\/2020\/07\/P-S-maquillages.jpg 1815w\" sizes=\"auto, (max-width: 1024px) 100vw, 1024px\" \/><\/figure><\/li><\/ul><\/figure>\n\n\n\n<p>The Breton public was very sensitive to our actions and we hope to have rallied future volunteers to our cause. In any case, the zoo staff were very attentive to our volunteers, and we thank them warmly for their welcome and their kindness. Thanks also to our volunteers Anne-Gw\u00e9na\u00ebl, Sylvie and Yves.<\/p>\n\n\n\n<h3 class=\"wp-block-heading\"><span class=\"ez-toc-section\" id=\"Zoo_de_La_Fleche-2\"><\/span><strong>Zoo de la Fl\u00e8che<\/strong><span class=\"ez-toc-section-end\"><\/span><\/h3>\n\n\n\n<p>On 12 and 13 August 2017, our volunteers went to La Fl\u00e8che zoo to run a stand. If Saturday was rainy, Sunday was a very summery day. For the first time, our team was placed in the new Asian zone, under the siamangs' pergola, not far from the red pandas' enclosure. Behind them were the Indian rhinos, and the siamangs regaled them with their melodious song. So our volunteers set up their stand in this corner of vegetation, with a few decorative lanterns to bring the public to them.<\/p>\n\n\n\n<figure class=\"wp-block-gallery columns-2 is-cropped wp-block-gallery-4 is-layout-flex wp-block-gallery-is-layout-flex\"><ul class=\"blocks-gallery-grid\"><li class=\"blocks-gallery-item\"><figure><img loading=\"lazy\" decoding=\"async\" width=\"1024\" height=\"768\" src=\"https:\/\/cppr-pandaroux.org\/app\/uploads\/2020\/07\/LF-defi1-1-1024x768.jpg\" alt=\"\" data-id=\"988\" data-full-url=\"https:\/\/cppr-pandaroux.org\/app\/uploads\/2020\/07\/LF-defi1-1-scaled.jpg\" data-link=\"https:\/\/cppr-pandaroux.org\/?attachment_id=988\" class=\"wp-image-988\" srcset=\"https:\/\/cppr-pandaroux.org\/app\/uploads\/2020\/07\/LF-defi1-1-1024x768.jpg 1024w, https:\/\/cppr-pandaroux.org\/app\/uploads\/2020\/07\/LF-defi1-1-300x225.jpg 300w, https:\/\/cppr-pandaroux.org\/app\/uploads\/2020\/07\/LF-defi1-1-768x576.jpg 768w, https:\/\/cppr-pandaroux.org\/app\/uploads\/2020\/07\/LF-defi1-1-1536x1152.jpg 1536w, https:\/\/cppr-pandaroux.org\/app\/uploads\/2020\/07\/LF-defi1-1-2048x1536.jpg 2048w, https:\/\/cppr-pandaroux.org\/app\/uploads\/2020\/07\/LF-defi1-1-16x12.jpg 16w\" sizes=\"auto, (max-width: 1024px) 100vw, 1024px\" \/><\/figure><\/li><li class=\"blocks-gallery-item\"><figure><img loading=\"lazy\" decoding=\"async\" width=\"1024\" height=\"768\" src=\"https:\/\/cppr-pandaroux.org\/app\/uploads\/2020\/07\/LF-stand3-1024x768.jpg\" alt=\"\" data-id=\"989\" data-full-url=\"https:\/\/cppr-pandaroux.org\/app\/uploads\/2020\/07\/LF-stand3.jpg\" data-link=\"https:\/\/cppr-pandaroux.org\/?attachment_id=989\" class=\"wp-image-989\" srcset=\"https:\/\/cppr-pandaroux.org\/app\/uploads\/2020\/07\/LF-stand3-1024x768.jpg 1024w, https:\/\/cppr-pandaroux.org\/app\/uploads\/2020\/07\/LF-stand3-300x225.jpg 300w, https:\/\/cppr-pandaroux.org\/app\/uploads\/2020\/07\/LF-stand3-768x576.jpg 768w, https:\/\/cppr-pandaroux.org\/app\/uploads\/2020\/07\/LF-stand3-16x12.jpg 16w, https:\/\/cppr-pandaroux.org\/app\/uploads\/2020\/07\/LF-stand3.jpg 1037w\" sizes=\"auto, (max-width: 1024px) 100vw, 1024px\" \/><\/figure><\/li><\/ul><\/figure>\n\n\n\n<p>En plus de la boutique, les activit\u00e9s maquillage et coloriage \u00e9taient propos\u00e9es, ainsi que l&rsquo;exposition de panneaux p\u00e9dagogiques, et le jeu du \u00ab&nbsp;d\u00e9fi des pandas&nbsp;\u00bb. Le public a \u00e9t\u00e9 tr\u00e8s r\u00e9ceptif \u00e0 nos actions. Comme d&rsquo;habitude, le d\u00e9fi des pandas a rencontr\u00e9 un vif succ\u00e8s. Les maquillages, \u00e9galement&nbsp;! Des dizaines de petits pandas ont d\u00e9ambul\u00e9 dans les all\u00e9es du parc ce week-end l\u00e0.<\/p>\n\n\n\n<p>The highlight of these two days was the feeding with commentary by our president at 4pm. The public flocked to see the two red pandas eating their bamboo. The people were very sensitive to our speech, and the zoo team was very friendly!<\/p>\n\n\n\n<p>Thank you to La fl\u00e8che zoo for welcoming so warmly our volunteers, Anne-Gw\u00e9na\u00ebl, H\u00e9l\u00e8ne, M\u00e9lissa and Alexis.<\/p>\n\n\n\n<h3 class=\"wp-block-heading\"><span class=\"ez-toc-section\" id=\"Journee_de_la_Fondation_Le_Pal_Nature\"><\/span><strong>Le Pal Nature Foundation Day<\/strong><span class=\"ez-toc-section-end\"><\/span><\/h3>\n\n\n\n<p>Le 22 octobre 2017, le Parc Animalier et d&rsquo;Attraction Le Pal a ouvert ses portes pour sa \u00ab\u00a0journ\u00e9e de la Fondation Le Pal Nature\u00a0\u00bb.&nbsp;<\/p>\n\n\n\n<p>Each invited association was located next to the installation of the species concerned. Thus, we were installed at an unavoidable point in the public's visit, next to the red pandas' enclosure, just after the elephants' enclosure, emblematic animals of the park.<\/p>\n\n\n\n<div class=\"wp-block-image\"><figure class=\"aligncenter size-large is-resized\"><img loading=\"lazy\" decoding=\"async\" src=\"https:\/\/cppr-pandaroux.org\/app\/uploads\/2020\/07\/LE-Pal-oct.2017-stand-1024x768.jpg\" alt=\"\" class=\"wp-image-990\" width=\"483\" height=\"362\" srcset=\"https:\/\/cppr-pandaroux.org\/app\/uploads\/2020\/07\/LE-Pal-oct.2017-stand-1024x768.jpg 1024w, https:\/\/cppr-pandaroux.org\/app\/uploads\/2020\/07\/LE-Pal-oct.2017-stand-300x225.jpg 300w, https:\/\/cppr-pandaroux.org\/app\/uploads\/2020\/07\/LE-Pal-oct.2017-stand-768x576.jpg 768w, https:\/\/cppr-pandaroux.org\/app\/uploads\/2020\/07\/LE-Pal-oct.2017-stand-16x12.jpg 16w, https:\/\/cppr-pandaroux.org\/app\/uploads\/2020\/07\/LE-Pal-oct.2017-stand.jpg 1280w\" sizes=\"auto, (max-width: 483px) 100vw, 483px\" \/><\/figure><\/div>\n\n\n\n<p>The weather was not as good as the previous year. But the public was as receptive as ever.<\/p>\n\n\n\n<p>There was a peak in attendance because this year the park had organised a commented feeding of the pandas in the early afternoon. The caretaker who was doing the animation spoke about our association in order to raise funds for the preservation of the species in the wild.<\/p>\n\n\n\n<p>It is always a pleasure to be able to participate in this event because it is aimed at a well-informed public that is aware of the animal cause. We will try in the future to ensure our presence year after year, and would like to warmly thank the park teams for their investment, their support and especially the trust they place in us! Thanks also to our volunteers Adeline, H\u00e9l\u00e8ne, Marine and Alexis!<\/p>","protected":false},"excerpt":{"rendered":"<p>La f\u00eate du Parc de Cl\u00e8res Les 8 et 9 avril 2017, le Parc de Cl\u00e8res a inaugur\u00e9 ses nouvelles voli\u00e8res. Pour l&rsquo;occasion, les \u00e9quipes du parc avaient install\u00e9 sur les terrasses du ch\u00e2teau plusieurs tentes, pour accueillir des artisans et des associations, dont le CPPR&nbsp;! C&rsquo;est donc sous un soleil radieux et un temps [&hellip;]<\/p>\n","protected":false},"author":4,"featured_media":0,"comment_status":"open","ping_status":"open","sticky":false,"template":"","format":"standard","meta":{"_monsterinsights_skip_tracking":false,"_monsterinsights_sitenote_active":false,"_monsterinsights_sitenote_note":"","_monsterinsights_sitenote_category":0,"footnotes":""},"categories":[3],"tags":[],"class_list":["post-979","post","type-post","status-publish","format-standard","hentry","category-evenements"],"aioseo_notices":[],"_links":{"self":[{"href":"https:\/\/cppr-pandaroux.org\/en\/wp-json\/wp\/v2\/posts\/979","targetHints":{"allow":["GET"]}}],"collection":[{"href":"https:\/\/cppr-pandaroux.org\/en\/wp-json\/wp\/v2\/posts"}],"about":[{"href":"https:\/\/cppr-pandaroux.org\/en\/wp-json\/wp\/v2\/types\/post"}],"author":[{"embeddable":true,"href":"https:\/\/cppr-pandaroux.org\/en\/wp-json\/wp\/v2\/users\/4"}],"replies":[{"embeddable":true,"href":"https:\/\/cppr-pandaroux.org\/en\/wp-json\/wp\/v2\/comments?post=979"}],"version-history":[{"count":2,"href":"https:\/\/cppr-pandaroux.org\/en\/wp-json\/wp\/v2\/posts\/979\/revisions"}],"predecessor-version":[{"id":1011,"href":"https:\/\/cppr-pandaroux.org\/en\/wp-json\/wp\/v2\/posts\/979\/revisions\/1011"}],"wp:attachment":[{"href":"https:\/\/cppr-pandaroux.org\/en\/wp-json\/wp\/v2\/media?parent=979"}],"wp:term":[{"taxonomy":"category","embeddable":true,"href":"https:\/\/cppr-pandaroux.org\/en\/wp-json\/wp\/v2\/categories?post=979"},{"taxonomy":"post_tag","embeddable":true,"href":"https:\/\/cppr-pandaroux.org\/en\/wp-json\/wp\/v2\/tags?post=979"}],"curies":[{"name":"wp","href":"https:\/\/api.w.org\/{rel}","templated":true}]}}