{"id":489,"date":"2016-09-17T17:00:28","date_gmt":"2016-09-17T15:00:28","guid":{"rendered":"https:\/\/cppr-pandaroux.org\/?p=489"},"modified":"2025-08-07T19:49:58","modified_gmt":"2025-08-07T17:49:58","slug":"journee-internationale-du-panda-roux-2016","status":"publish","type":"post","link":"https:\/\/cppr-pandaroux.org\/en\/2016\/09\/17\/journee-internationale-du-panda-roux-2016\/","title":{"rendered":"International Red Panda Day 2016"},"content":{"rendered":"<p>Le 17 septembre 2016 a eu lieu la 7e Journ\u00e9e Internationale du Panda Roux (IRPD) dans le monde, et la 3e \u00e9dition fran\u00e7aise ! Comme vous le savez, l&rsquo;IRPD a \u00e9t\u00e9 cr\u00e9\u00e9e par le Red Panda Network, l&rsquo;Associaiton Am\u00e9ricaine de protection du Panda Roux, pour sensibiliser le grand public \u00e0 la pr\u00e9servation de cet animal, et r\u00e9colter des fonds pour continuer ses actions sur le terrain.<\/p>\n\n\n\n<div class=\"wp-block-image\"><figure class=\"aligncenter is-resized\"><img loading=\"lazy\" decoding=\"async\" src=\"https:\/\/cppr.asso-web.com\/uploaded\/irpd-2016-logo.png\" alt=\"\" width=\"300\" height=\"300\"\/><\/figure><\/div>\n\n\n\n<div class=\"wp-block-image\"><figure class=\"aligncenter\"><img decoding=\"async\" src=\"https:\/\/cppr.asso-web.com\/uploaded\/4-rpn-logo.gif\" alt=\"\"\/><\/figure><\/div>\n\n\n\n<p>Pour plus d&rsquo;informations sur le Red Panda Network, <a href=\"https:\/\/redpandanetwork.org\/\" target=\"_blank\" rel=\"noreferrer noopener\">click here<\/a>.<\/p>\n\n\n\n<p>Cette ann\u00e9e, 13 parcs fran\u00e7ais ont pris part \u00e0 cette manifestation : L&rsquo;espace zoologique Saint Martin la Plaine (le 28\/08), le zoo d&rsquo;Amn\u00e9ville (le 03\/09), le zoo de Bordeaux-Pessac, le Bioparc de Dou\u00e9-la-Fontaine, le zoo de Jurques, le zoo de La Fl\u00e8che, le parc animalier de Sainte Croix, Touroparc, le zoo de Tr\u00e9gomeur, le Parc de Cl\u00e8res, le zoo de Mulhouse, le zoo de La Boissi\u00e8re-du-Dor\u00e9 (les 24-25\/09) et Le Pal (le 25\/09), soutenu par la Fondation Le Pal Nature.<\/p>\n\n\n\n<figure class=\"wp-block-gallery aligncenter columns-5 wp-block-gallery-1 is-layout-flex wp-block-gallery-is-layout-flex\"><ul class=\"blocks-gallery-grid\"><li class=\"blocks-gallery-item\"><figure><img decoding=\"async\" src=\"https:\/\/cppr.asso-web.com\/uploaded\/bordeaux-pessac.png\" alt=\"\"\/><\/figure><\/li><li class=\"blocks-gallery-item\"><figure><img decoding=\"async\" src=\"https:\/\/cppr.asso-web.com\/uploaded\/la-boissia-re-du-dora.png\" alt=\"\"\/><\/figure><\/li><li class=\"blocks-gallery-item\"><figure><img decoding=\"async\" src=\"https:\/\/cppr.asso-web.com\/uploaded\/la-fla-che.jpg\" alt=\"\"\/><\/figure><\/li><li class=\"blocks-gallery-item\"><figure><img decoding=\"async\" src=\"https:\/\/cppr.asso-web.com\/uploaded\/logo-zoopontscorff.jpg\" alt=\"\"\/><\/figure><\/li><li class=\"blocks-gallery-item\"><figure><img decoding=\"async\" src=\"https:\/\/cppr.asso-web.com\/uploaded\/cla-res.png\" alt=\"\"\/><\/figure><\/li><li class=\"blocks-gallery-item\"><figure><img decoding=\"async\" src=\"https:\/\/cppr.asso-web.com\/uploaded\/logo-doue.png\" alt=\"\"\/><\/figure><\/li><li class=\"blocks-gallery-item\"><figure><img decoding=\"async\" src=\"https:\/\/cppr.asso-web.com\/uploaded\/logo-jurques1.jpg\" alt=\"\"\/><\/figure><\/li><li class=\"blocks-gallery-item\"><figure><img decoding=\"async\" src=\"https:\/\/cppr.asso-web.com\/uploaded\/logo-zoo-mulhouse.png\" alt=\"\"\/><\/figure><\/li><li class=\"blocks-gallery-item\"><figure><img decoding=\"async\" src=\"https:\/\/cppr.asso-web.com\/uploaded\/le-pal.jpg\" alt=\"\"\/><\/figure><\/li><li class=\"blocks-gallery-item\"><figure><img decoding=\"async\" src=\"https:\/\/cppr.asso-web.com\/uploaded\/logopalnature.jpg\" alt=\"\"\/><\/figure><\/li><li class=\"blocks-gallery-item\"><figure><img decoding=\"async\" src=\"https:\/\/cppr.asso-web.com\/uploaded\/tregomeur.jpg\" alt=\"\"\/><\/figure><\/li><li class=\"blocks-gallery-item\"><figure><img decoding=\"async\" src=\"https:\/\/cppr.asso-web.com\/uploaded\/saint-martin-la-plaine.jpg\" alt=\"\"\/><\/figure><\/li><li class=\"blocks-gallery-item\"><figure><img decoding=\"async\" src=\"https:\/\/cppr.asso-web.com\/uploaded\/touroparc.png\" alt=\"\"\/><\/figure><\/li><li class=\"blocks-gallery-item\"><figure><img decoding=\"async\" src=\"https:\/\/cppr.asso-web.com\/uploaded\/logo-sainte-croix-677.jpg\" alt=\"\"\/><\/figure><\/li><\/ul><\/figure>\n\n\n\n<p>De la tenue d&rsquo;un stand \u00e0 La Boissi\u00e8re-du-Dor\u00e9 ou au Parc de Cl\u00e8res, \u00e0 la tombola organis\u00e9e par le zoo de Bordeaux-Pessac, en passant par les moulins \u00e0 voeux de Sainte Croix, le concours de dessins de Saint Martin La Plaine ou encore les maquillages de T\u00e9gomeur, voici un r\u00e9sum\u00e9 en photos des diff\u00e9rentes activit\u00e9s propos\u00e9es lors de ces journ\u00e9es :<\/p>\n\n\n\n<figure class=\"wp-block-gallery columns-3 wp-block-gallery-2 is-layout-flex wp-block-gallery-is-layout-flex\"><ul class=\"blocks-gallery-grid\"><li class=\"blocks-gallery-item\"><figure><img decoding=\"async\" src=\"https:\/\/cppr.asso-web.com\/uploaded\/irpd-boissiere-2016.jpg\" alt=\"\"\/><\/figure><\/li><li class=\"blocks-gallery-item\"><figure><img decoding=\"async\" src=\"https:\/\/cppr.asso-web.com\/uploaded\/img-20160917-122916.jpg\" alt=\"\"\/><\/figure><\/li><li class=\"blocks-gallery-item\"><figure><img decoding=\"async\" src=\"https:\/\/cppr.asso-web.com\/uploaded\/dessins-enfants-jpg.jpg\" alt=\"\"\/><\/figure><\/li><li class=\"blocks-gallery-item\"><figure><img decoding=\"async\" src=\"https:\/\/cppr.asso-web.com\/uploaded\/week-end-panda-roux-cp-fabrice-suhr-6-cp-nota.jpg\" alt=\"\"\/><\/figure><\/li><li class=\"blocks-gallery-item\"><figure><img decoding=\"async\" src=\"https:\/\/cppr.asso-web.com\/uploaded\/irpd-trego-2016-maquillage-jpg.jpg\" alt=\"\"\/><\/figure><\/li><li class=\"blocks-gallery-item\"><figure><img decoding=\"async\" src=\"https:\/\/cppr.asso-web.com\/uploaded\/irpd-stand-cleres-2-jpg.jpg\" alt=\"\"\/><\/figure><\/li><\/ul><\/figure>\n\n\n\n<p>At the zoological and botanical park of Mulhouse, our secretary Alexis Le Gac, who is also an animal keeper there, took his colleagues on board for the whole weekend for animations which were very well received by the public:<\/p>\n\n\n\n<figure class=\"wp-block-gallery aligncenter columns-3 wp-block-gallery-3 is-layout-flex wp-block-gallery-is-layout-flex\"><ul class=\"blocks-gallery-grid\"><li class=\"blocks-gallery-item\"><figure><img decoding=\"async\" src=\"https:\/\/cppr.asso-web.com\/uploaded\/fb-img-1474697276529.jpg\" alt=\"\"\/><\/figure><\/li><li class=\"blocks-gallery-item\"><figure><img decoding=\"async\" src=\"https:\/\/cppr.asso-web.com\/uploaded\/14389729-1487634874586523-1981931872-n.jpg\" alt=\"\"\/><\/figure><\/li><li class=\"blocks-gallery-item\"><figure><img decoding=\"async\" src=\"https:\/\/cppr.asso-web.com\/uploaded\/irpd-boutique-mulhouse.jpg\" alt=\"\"\/><\/figure><\/li><li class=\"blocks-gallery-item\"><figure><img decoding=\"async\" src=\"https:\/\/cppr.asso-web.com\/uploaded\/irpd-stand-mulhouse.jpg\" alt=\"\"\/><\/figure><\/li><li class=\"blocks-gallery-item\"><figure><img decoding=\"async\" src=\"https:\/\/cppr.asso-web.com\/uploaded\/irpd-mulhouse-team.jpg\" alt=\"\"\/><\/figure><\/li><\/ul><\/figure>\n\n\n\n<p>Alexis testifies: \"Despite the rainy weather forecast, the public was at the rendezvous, especially on Saturday, because mobilized by the media.Everyone was very sensitive to the cause of the Red Panda, and the animations (especially the feeding) were very popular.Thank you to all the volunteers who were on site, giving their time all weekend, and who were able to make this event a success!\"<\/p>\n\n\n\n<p>This year, funds raised for the RPN (<strong>plus de 1000\u20ac !<\/strong>) were for anti-poaching purposes. We would like to thank all the parks that participated in this event!<\/p>\n\n\n\n<p>Si vous aussi vous d\u00e9sirez vous investir dans la protection du panda, n&rsquo;h\u00e9sitez pas \u00e0 en parler autour de vous et \u00e0 nous aider \u00e0 le faire conna\u00eetre !<\/p>","protected":false},"excerpt":{"rendered":"<p>Le 17 septembre 2016 a eu lieu la 7e Journ\u00e9e Internationale du Panda Roux (IRPD) dans le monde, et la 3e \u00e9dition fran\u00e7aise ! Comme vous le savez, l&rsquo;IRPD a \u00e9t\u00e9 cr\u00e9\u00e9e par le Red Panda Network, l&rsquo;Associaiton Am\u00e9ricaine de protection du Panda Roux, pour sensibiliser le grand public \u00e0 la pr\u00e9servation de cet animal, [&hellip;]<\/p>\n","protected":false},"author":1,"featured_media":0,"comment_status":"open","ping_status":"open","sticky":false,"template":"","format":"standard","meta":{"_monsterinsights_skip_tracking":false,"_monsterinsights_sitenote_active":false,"_monsterinsights_sitenote_note":"","_monsterinsights_sitenote_category":0,"footnotes":""},"categories":[52],"tags":[],"class_list":["post-489","post","type-post","status-publish","format-standard","hentry","category-irpd"],"aioseo_notices":[],"_links":{"self":[{"href":"https:\/\/cppr-pandaroux.org\/en\/wp-json\/wp\/v2\/posts\/489","targetHints":{"allow":["GET"]}}],"collection":[{"href":"https:\/\/cppr-pandaroux.org\/en\/wp-json\/wp\/v2\/posts"}],"about":[{"href":"https:\/\/cppr-pandaroux.org\/en\/wp-json\/wp\/v2\/types\/post"}],"author":[{"embeddable":true,"href":"https:\/\/cppr-pandaroux.org\/en\/wp-json\/wp\/v2\/users\/1"}],"replies":[{"embeddable":true,"href":"https:\/\/cppr-pandaroux.org\/en\/wp-json\/wp\/v2\/comments?post=489"}],"version-history":[{"count":1,"href":"https:\/\/cppr-pandaroux.org\/en\/wp-json\/wp\/v2\/posts\/489\/revisions"}],"predecessor-version":[{"id":767,"href":"https:\/\/cppr-pandaroux.org\/en\/wp-json\/wp\/v2\/posts\/489\/revisions\/767"}],"wp:attachment":[{"href":"https:\/\/cppr-pandaroux.org\/en\/wp-json\/wp\/v2\/media?parent=489"}],"wp:term":[{"taxonomy":"category","embeddable":true,"href":"https:\/\/cppr-pandaroux.org\/en\/wp-json\/wp\/v2\/categories?post=489"},{"taxonomy":"post_tag","embeddable":true,"href":"https:\/\/cppr-pandaroux.org\/en\/wp-json\/wp\/v2\/tags?post=489"}],"curies":[{"name":"wp","href":"https:\/\/api.w.org\/{rel}","templated":true}]}}