{"id":483,"date":"2015-09-26T17:00:00","date_gmt":"2015-09-26T15:00:00","guid":{"rendered":"https:\/\/cppr-pandaroux.org\/?p=483"},"modified":"2025-08-07T19:50:05","modified_gmt":"2025-08-07T17:50:05","slug":"journee-internationale-du-panda-roux-2015","status":"publish","type":"post","link":"https:\/\/cppr-pandaroux.org\/en\/2015\/09\/26\/journee-internationale-du-panda-roux-2015\/","title":{"rendered":"International Red Panda Day 2015"},"content":{"rendered":"<p>Le 19 septembre 2015 a eu lieu la 6e Journ\u00e9e Internationale du Panda Roux (IRPD) dans le monde, et la 2e \u00e9dition fran\u00e7aise&nbsp;! Comme vous le savez maintenant, l&rsquo;IRPD a \u00e9t\u00e9 cr\u00e9\u00e9e par l&rsquo;association am\u00e9ricaine Red Panda Network (RPN) pour sensibiliser un large public \u00e0 la pr\u00e9servation du panda roux et r\u00e9colter des fonds pour pouvoir continuer ses actions sur le terrain, au N\u00e9pal.<\/p>\n\n\n\n<div class=\"wp-block-image\"><figure class=\"aligncenter is-resized\"><img loading=\"lazy\" decoding=\"async\" src=\"https:\/\/cppr.asso-web.com\/uploaded\/irpd-logo-2015.jpg\" alt=\"\" width=\"219\" height=\"198\"\/><\/figure><\/div>\n\n\n\n<div class=\"wp-block-image\"><figure class=\"aligncenter\"><img decoding=\"async\" src=\"https:\/\/cppr.asso-web.com\/uploaded\/4-rpn-logo.gif\" alt=\"\"\/><\/figure><\/div>\n\n\n\n<p><em>Pour plus d&rsquo;informations sur le RPN et ses actions, <a href=\"http:\/\/redpandanetwork.org\/\" target=\"_blank\" rel=\"noreferrer noopener\">click here<\/a>.<\/em><\/p>\n\n\n\n<p>Ainsi, cette ann\u00e9e, dix parcs zoologiques fran\u00e7ais se sont joints \u00e0 nous pour organiser cette journ\u00e9e particuli\u00e8re&nbsp;: Le zoo d&rsquo;Asson, le zoo de la Boissi\u00e8re-du-Dor\u00e9, le zoo de Bordeaux-Pessac, le Parc de Cl\u00e8res, second\u00e9 par la SECAS, le zoo de Jurques, le Pal, aid\u00e9 par la Fondation Le Pal Nature, le zoo de Pont-Scorff, l&rsquo;espace zoologique de Saint-Martin La Plaine, Touroparc et le zoo de Tr\u00e9gomeur.<\/p>\n\n\n\n<figure class=\"wp-block-gallery aligncenter columns-3 wp-block-gallery-1 is-layout-flex wp-block-gallery-is-layout-flex\"><ul class=\"blocks-gallery-grid\"><li class=\"blocks-gallery-item\"><figure><img decoding=\"async\" src=\"https:\/\/cppr.asso-web.com\/uploaded\/zoo-dasson.jpg\" alt=\"\"\/><\/figure><\/li><li class=\"blocks-gallery-item\"><figure><img decoding=\"async\" src=\"https:\/\/cppr.asso-web.com\/uploaded\/la-boissia-re-du-dora.png\" alt=\"\"\/><\/figure><\/li><li class=\"blocks-gallery-item\"><figure><img decoding=\"async\" src=\"https:\/\/cppr.asso-web.com\/uploaded\/bordeaux-pessac.png\" alt=\"\"\/><\/figure><\/li><li class=\"blocks-gallery-item\"><figure><img decoding=\"async\" src=\"https:\/\/cppr.asso-web.com\/uploaded\/cla-res.png\" alt=\"\"\/><\/figure><\/li><li class=\"blocks-gallery-item\"><figure><img decoding=\"async\" src=\"https:\/\/cppr.asso-web.com\/uploaded\/secas.jpg\" alt=\"\"\/><\/figure><\/li><li class=\"blocks-gallery-item\"><figure><img decoding=\"async\" src=\"https:\/\/cppr.asso-web.com\/uploaded\/le-pal.jpg\" alt=\"\"\/><\/figure><\/li><li class=\"blocks-gallery-item\"><figure><img decoding=\"async\" src=\"https:\/\/cppr.asso-web.com\/uploaded\/logopalnature.jpg\" alt=\"\"\/><\/figure><\/li><li class=\"blocks-gallery-item\"><figure><img decoding=\"async\" src=\"https:\/\/cppr.asso-web.com\/uploaded\/logo-jurques1.jpg\" alt=\"\"\/><\/figure><\/li><li class=\"blocks-gallery-item\"><figure><img decoding=\"async\" src=\"https:\/\/cppr.asso-web.com\/uploaded\/logo-zoopontscorff.jpg\" alt=\"\"\/><\/figure><\/li><li class=\"blocks-gallery-item\"><figure><img decoding=\"async\" src=\"https:\/\/cppr.asso-web.com\/uploaded\/saint-martin-la-plaine.jpg\" alt=\"\"\/><\/figure><\/li><li class=\"blocks-gallery-item\"><figure><img decoding=\"async\" src=\"https:\/\/cppr.asso-web.com\/uploaded\/touroparc.png\" alt=\"\"\/><\/figure><\/li><li class=\"blocks-gallery-item\"><figure><img decoding=\"async\" src=\"https:\/\/cppr.asso-web.com\/uploaded\/tregomeur.jpg\" alt=\"\"\/><\/figure><\/li><\/ul><\/figure>\n\n\n\n<p>Cette ann\u00e9e, les stands de maquillages, de coloriages et de fabrication de masques ont \u00e9t\u00e9 pris d&rsquo;assaut. Le CPPR avait \u00e9galement mis \u00e0 disposition un livret p\u00e9dagogique \u00e0 destination des plus petits, pour qu&rsquo;ils apprennent tout en s&rsquo;amusant.<\/p>\n\n\n\n<figure class=\"wp-block-gallery aligncenter columns-3 is-cropped wp-block-gallery-2 is-layout-flex wp-block-gallery-is-layout-flex\"><ul class=\"blocks-gallery-grid\"><li class=\"blocks-gallery-item\"><figure><img decoding=\"async\" src=\"https:\/\/cppr.asso-web.com\/uploaded\/journei-e-panda-roux.jpg\" alt=\"\"\/><\/figure><\/li><li class=\"blocks-gallery-item\"><figure><img decoding=\"async\" src=\"https:\/\/cppr.asso-web.com\/uploaded\/stand-cppr1.jpg\" alt=\"\"\/><\/figure><\/li><li class=\"blocks-gallery-item\"><figure><img decoding=\"async\" src=\"https:\/\/cppr.asso-web.com\/uploaded\/livret-jeu-couv.png\" alt=\"\"\/><\/figure><\/li><\/ul><\/figure>\n\n\n\n<p>Les nourrissages et rencontres avec les b\u00e9n\u00e9voles passionn\u00e9s ont eu \u00e9galement beaucoup de succ\u00e8s, le public \u00e9tant tr\u00e8s r\u00e9ceptif et toujours d\u00e9sireux d&rsquo;en apprendre davantage sur le petit panda.<\/p>\n\n\n\n<div class=\"wp-block-image\"><figure class=\"aligncenter\"><img decoding=\"async\" src=\"https:\/\/cppr.asso-web.com\/uploaded\/enclos-pandas.jpg\" alt=\"\"\/><\/figure><\/div>\n\n\n\n<p>Our vice-president, Anne-Gw\u00e9na\u00ebl P\u00e9rio, had a stand at the Parc de Cl\u00e8res site:<\/p>\n\n\n\n<p>\u00ab&nbsp;Il s&rsquo;agissait d&rsquo;une premi\u00e8re pour ce petit parc normand&#8230; et la Journ\u00e9e s&rsquo;est d\u00e9roul\u00e9e sous un ciel tr\u00e8s cl\u00e9ment, qui nous a offert de belles \u00e9claircies. Les \u00e9quipes du parc nous avaient pr\u00e9par\u00e9 trois stands&nbsp;: un pour le CPPR, un pour la SECAS, et un pour son service p\u00e9dagogique, qui avait r\u00e9alis\u00e9 des petits jeux pour les enfants, pour l&rsquo;occasion, ainsi qu&rsquo;un jeu-concours, pour les plus grands, avec un nourrissage de panda roux \u00e0 gagner en fin de journ\u00e9e.<\/p>\n\n\n\n<figure class=\"wp-block-gallery aligncenter columns-2 is-cropped wp-block-gallery-3 is-layout-flex wp-block-gallery-is-layout-flex\"><ul class=\"blocks-gallery-grid\"><li class=\"blocks-gallery-item\"><figure><img decoding=\"async\" src=\"https:\/\/cppr.asso-web.com\/uploaded\/stand-cleres1.jpg\" alt=\"\"\/><\/figure><\/li><li class=\"blocks-gallery-item\"><figure><img decoding=\"async\" src=\"https:\/\/cppr.asso-web.com\/uploaded\/stand-secas1.jpg\" alt=\"\"\/><\/figure><\/li><\/ul><\/figure>\n\n\n\n<p>On the CPPR booth, we were two volunteers to make up pandas, a workshop that was very successful, since the park and the town of Cl\u00e8res were invaded by a whole crowd of little pandas! The masks were also very successful, with sometimes very surprising colors!<\/p>\n\n\n\n<figure class=\"wp-block-gallery aligncenter columns-2 is-cropped wp-block-gallery-4 is-layout-flex wp-block-gallery-is-layout-flex\"><ul class=\"blocks-gallery-grid\"><li class=\"blocks-gallery-item\"><figure><img decoding=\"async\" src=\"https:\/\/cppr.asso-web.com\/uploaded\/maquillage2-jpg.jpg\" alt=\"\"\/><\/figure><\/li><li class=\"blocks-gallery-item\"><figure><img decoding=\"async\" src=\"https:\/\/cppr.asso-web.com\/uploaded\/masques-cleres-jpg.jpg\" alt=\"\"\/><\/figure><\/li><\/ul><\/figure>\n\n\n\n<p>A 15h, une conteuse est venue partager ses histoires de pandas roux, pour le plus grand bonheur des plus petits. Tout au long de la journ\u00e9e, le public a \u00e9galement pu rencontrer nos b\u00e9n\u00e9voles devant l&rsquo;enclos de Packa et Poya, ou tout simplement devant nos stands, pour en apprendre un peu plus sur ces boules de poil. Ils n&rsquo;\u00e9taient d&rsquo;ailleurs pas avares de questions et nos passionn\u00e9s ont pris plaisir a leur r\u00e9pondre.<\/p>\n\n\n\n<div class=\"wp-block-image\"><figure class=\"aligncenter\"><img decoding=\"async\" src=\"https:\/\/cppr.asso-web.com\/uploaded\/conte.jpg\" alt=\"\"\/><\/figure><\/div>\n\n\n\n<p>La SECAS, Soci\u00e9t\u00e9 d&rsquo;Encouragement \u00e0 la Conservation des Animaux Sauvages, a vendu un certain nombre d&rsquo;articles \u00e0 l&rsquo;effigie de la vedette du jour&nbsp;: peluches, marionnettes, livres&#8230; Tout les b\u00e9n\u00e9fices ont \u00e9t\u00e9 int\u00e9gralement revers\u00e9s au profit de la conservation du petit animal, \u00e0 l&rsquo;association Red Panda Network.<\/p>\n\n\n\n<div class=\"wp-block-image\"><figure class=\"aligncenter\"><img decoding=\"async\" src=\"https:\/\/cppr.asso-web.com\/uploaded\/stand-secas3.jpg\" alt=\"\"\/><\/figure><\/div>\n\n\n\n<p>A 16h, le tirage au sort du jeu-concours organis\u00e9 par le service p\u00e9dagogique du parc a d\u00e9sign\u00e9 une jeune fille \u00ab&nbsp;grande gagnante&nbsp;\u00bb. Elle a ainsi pu r\u00e9aliser un de ses r\u00eaves et entrer dans l&rsquo;enclos pour nourrir les pandas. Un grand moment d&rsquo;\u00e9motion pour cette demoiselle&nbsp;!<\/p>\n\n\n\n<div class=\"wp-block-image\"><figure class=\"aligncenter\"><img decoding=\"async\" src=\"https:\/\/cppr.asso-web.com\/uploaded\/jeu-concours.jpg\" alt=\"\"\/><\/figure><\/div>\n\n\n\n<p>A la fin de la journ\u00e9e, nous \u00e9tions tous tr\u00e8s enthousiastes&nbsp;! Cette premi\u00e8re Journ\u00e9e Internationale du Panda Roux au parc de Cl\u00e8res s&rsquo;est tr\u00e8s bien d\u00e9roul\u00e9e et le public a visiblement tr\u00e8s bien accueilli l&rsquo;\u00e9v\u00e9nement&nbsp;! Vivement l&rsquo;ann\u00e9e prochaine&nbsp;! Et merci au parc de Cl\u00e8res ainsi qu&rsquo;\u00e0 tous les parcs qui nous ont suivi cette ann\u00e9e dans cette aventure&nbsp;!&nbsp;\u00bb<\/p>\n\n\n\n<p>Le zoo de Bordeaux-Pessac avait, quant \u00e0 lui, invit\u00e9 notre tr\u00e9sori\u00e8re, Betty Knopf, \u00e0 repr\u00e9senter le CPPR pour sa deuxi\u00e8me \u00e9dition de l&rsquo;IRPD :<\/p>\n\n\n\n<p>\"During the day, several highlights were scheduled, including two interventions in front of the enclosure of Maurice and Mauricette, the couple of red pandas who live in the park since 2009: the reading of a story, written by Anne-Gw\u00e9na\u00ebl Perio, our vice-president, and illustrated by St\u00e9phanie De Soete, member of the CPPR; and two feedings during the day.<\/p>\n\n\n\n<div class=\"wp-block-image\"><figure class=\"aligncenter\"><img decoding=\"async\" src=\"https:\/\/cppr.asso-web.com\/uploaded\/conte-betty-jpg.jpg\" alt=\"\"\/><\/figure><\/div>\n\n\n\n<p>On the welcome stand, the educational team of the zoo and Betty informed the families about the way of life of the pandas, their natural environment and the conservation of this endangered species.<\/p>\n\n\n\n<p>The youngest happily colored the panda masks offered by the park.<\/p>\n\n\n\n<div class=\"wp-block-image\"><figure class=\"aligncenter\"><img decoding=\"async\" src=\"https:\/\/cppr.asso-web.com\/uploaded\/stand-bordeaux-jpg.jpg\" alt=\"\"\/><\/figure><\/div>\n\n\n\n<p>At the end of this day:<\/p>\n\n\n\n<ul class=\"wp-block-list\"><li>Passionate visitors who discovered this little known species;<\/li><li>A press article in the newspaper Sud-Ouest following the interview of Betty;<\/li><li>Donations collected for the RPN.<\/li><\/ul>\n\n\n\n<p>Thus, for the second French edition, we collected about <strong>900\u20ac<\/strong> pour le RPN\u00a0! Toute l&rsquo;\u00e9quipe du CPPR est fi\u00e8re de pouvoir contribuer \u00e0 la pr\u00e9servation du panda roux en ayant r\u00e9colt\u00e9 ces fonds qui serviront \u00e0 former des gardes-forestiers, replanter des arbres et poursuivre les \u00e9tudes et la sensibilisation sur ce petit mammif\u00e8re. Si vous aussi vous d\u00e9sirez vous investir dans sa protection, parlez-en autour de vous et aidez-nous \u00e0 le faire conna\u00eetre\u00a0!<\/p>","protected":false},"excerpt":{"rendered":"<p>Le 19 septembre 2015 a eu lieu la 6e Journ\u00e9e Internationale du Panda Roux (IRPD) dans le monde, et la 2e \u00e9dition fran\u00e7aise&nbsp;! Comme vous le savez maintenant, l&rsquo;IRPD a \u00e9t\u00e9 cr\u00e9\u00e9e par l&rsquo;association am\u00e9ricaine Red Panda Network (RPN) pour sensibiliser un large public \u00e0 la pr\u00e9servation du panda roux et r\u00e9colter des fonds pour [&hellip;]<\/p>\n","protected":false},"author":1,"featured_media":0,"comment_status":"open","ping_status":"open","sticky":false,"template":"","format":"standard","meta":{"_monsterinsights_skip_tracking":false,"_monsterinsights_sitenote_active":false,"_monsterinsights_sitenote_note":"","_monsterinsights_sitenote_category":0,"footnotes":""},"categories":[52],"tags":[],"class_list":["post-483","post","type-post","status-publish","format-standard","hentry","category-irpd"],"aioseo_notices":[],"_links":{"self":[{"href":"https:\/\/cppr-pandaroux.org\/en\/wp-json\/wp\/v2\/posts\/483","targetHints":{"allow":["GET"]}}],"collection":[{"href":"https:\/\/cppr-pandaroux.org\/en\/wp-json\/wp\/v2\/posts"}],"about":[{"href":"https:\/\/cppr-pandaroux.org\/en\/wp-json\/wp\/v2\/types\/post"}],"author":[{"embeddable":true,"href":"https:\/\/cppr-pandaroux.org\/en\/wp-json\/wp\/v2\/users\/1"}],"replies":[{"embeddable":true,"href":"https:\/\/cppr-pandaroux.org\/en\/wp-json\/wp\/v2\/comments?post=483"}],"version-history":[{"count":1,"href":"https:\/\/cppr-pandaroux.org\/en\/wp-json\/wp\/v2\/posts\/483\/revisions"}],"predecessor-version":[{"id":768,"href":"https:\/\/cppr-pandaroux.org\/en\/wp-json\/wp\/v2\/posts\/483\/revisions\/768"}],"wp:attachment":[{"href":"https:\/\/cppr-pandaroux.org\/en\/wp-json\/wp\/v2\/media?parent=483"}],"wp:term":[{"taxonomy":"category","embeddable":true,"href":"https:\/\/cppr-pandaroux.org\/en\/wp-json\/wp\/v2\/categories?post=483"},{"taxonomy":"post_tag","embeddable":true,"href":"https:\/\/cppr-pandaroux.org\/en\/wp-json\/wp\/v2\/tags?post=483"}],"curies":[{"name":"wp","href":"https:\/\/api.w.org\/{rel}","templated":true}]}}